{"id":1135,"date":"2026-07-27T12:18:10","date_gmt":"2026-07-27T11:18:10","guid":{"rendered":"https:\/\/bioeuropean.eu\/?p=1135"},"modified":"2026-07-27T12:18:11","modified_gmt":"2026-07-27T11:18:11","slug":"euroleaf-dou-vient-il-sur-les-produits-biologiques","status":"publish","type":"post","link":"https:\/\/bioeuropean.eu\/fr\/euroleaf-dou-vient-il-sur-les-produits-biologiques\/","title":{"rendered":"Euroleaf : d&rsquo;o\u00f9 vient-il sur les produits biologiques ?"},"content":{"rendered":"\n<figure class=\"wp-block-image size-full\" style=\"margin-bottom:var(--wp--preset--spacing--50)\"><img loading=\"lazy\" decoding=\"async\" width=\"1920\" height=\"717\" src=\"https:\/\/bioeuropean.eu\/wp-content\/uploads\/2026\/07\/Projekt-bez-nazwy1-1.png\" alt=\"Le logo officiel de l'agriculture biologique de l'UE, connu sous le nom d'Euroleaf, pr\u00e9sentant douze \u00e9toiles blanches dispos\u00e9es en forme de feuille sur un fond vert clair.\" class=\"wp-image-1136\" srcset=\"https:\/\/bioeuropean.eu\/wp-content\/uploads\/2026\/07\/Projekt-bez-nazwy1-1.png 1920w, https:\/\/bioeuropean.eu\/wp-content\/uploads\/2026\/07\/Projekt-bez-nazwy1-1-300x112.png 300w, https:\/\/bioeuropean.eu\/wp-content\/uploads\/2026\/07\/Projekt-bez-nazwy1-1-1024x382.png 1024w, https:\/\/bioeuropean.eu\/wp-content\/uploads\/2026\/07\/Projekt-bez-nazwy1-1-768x287.png 768w, https:\/\/bioeuropean.eu\/wp-content\/uploads\/2026\/07\/Projekt-bez-nazwy1-1-1536x574.png 1536w\" sizes=\"auto, (max-width: 1920px) 100vw, 1920px\" \/><\/figure>\n\n\n\n<h1 class=\"wp-block-heading\"><strong><strong>Euroleaf est le symbole caract\u00e9ristique que vous recherchez probablement instinctivement sur les emballages avant d&rsquo;acheter des produits biologiques. Il pr\u00e9sente des \u00e9toiles blanches dispos\u00e9es en forme de feuille sur un fond vert clair. Aujourd&rsquo;hui, le logo de l&rsquo;agriculture biologique de l&rsquo;UE, commun\u00e9ment appel\u00e9 Euroleaf, est l&rsquo;un des signes les plus reconnaissables d&rsquo;aliments biologiques certifi\u00e9s en Europe. Mais comment ce symbole a-t-il \u00e9t\u00e9 cr\u00e9\u00e9 et pourquoi la Commission europ\u00e9enne a-t-elle d\u00e9cid\u00e9 d&rsquo;unifier la certification des aliments BIO ? D\u00e9couvrez l&rsquo;histoire du signe qui a d\u00e9finitivement chang\u00e9 le march\u00e9 europ\u00e9en de l&rsquo;alimentation biologique et facilit\u00e9 les achats quotidiens de millions de consommateurs.<\/strong><\/strong><\/h1>\n\n\n\n<h2 class=\"wp-block-heading has-green-color has-text-color has-link-color has-small-font-size wp-elements-1\"><strong>Le besoin d&rsquo;un symbole unique et commun pour l&rsquo;alimentation biologique<\/strong><\/h2>\n\n\n\n<p class=\"wp-block-paragraph\">Avant 2010, le march\u00e9 de l&rsquo;alimentation biologique en Europe \u00e9tait extr\u00eamement diversifi\u00e9, mais en m\u00eame temps tr\u00e8s chaotique. Des dizaines de certificats biologiques nationaux et priv\u00e9s diff\u00e9rents fonctionnaient \u00e0 cette \u00e9poque. Les consommateurs voyageant \u00e0 travers l&rsquo;Europe ou achetant simplement des produits import\u00e9s en magasin \u00e9taient souvent confus. Chaque pays avait des d\u00e9signations graphiques diff\u00e9rentes, ce qui rendait consid\u00e9rablement difficile la v\u00e9rification du respect des normes strictes de l&rsquo;agriculture biologique par un produit donn\u00e9.<\/p>\n\n\n\n<p class=\"wp-block-paragraph\">Afin d&rsquo;instaurer la confiance dans les produits BIO et de faciliter le fonctionnement d&rsquo;un march\u00e9 unique et libre, la Commission europ\u00e9enne a pris une d\u00e9cision strat\u00e9gique. Il a \u00e9t\u00e9 d\u00e9cid\u00e9 de cr\u00e9er un signe graphique universel et obligatoire. Il devait devenir une garantie claire pour chaque Europ\u00e9en que la nourriture \u00e9tait produite de mani\u00e8re respectueuse de l&rsquo;environnement, sans l&rsquo;utilisation de pesticides synth\u00e9tiques, en respectant la sant\u00e9 des sols et en maintenant des normes \u00e9lev\u00e9es de bien-\u00eatre animal.<\/p>\n\n\n\n<h3 class=\"wp-block-heading has-green-color has-text-color has-link-color has-small-font-size wp-elements-2\"><strong>Concours paneurop\u00e9en et naissance du logo Euroleaf<\/strong><\/h3>\n\n\n\n<p class=\"wp-block-paragraph\">L&rsquo;histoire de la conception graphique elle-m\u00eame est incroyablement inspirante. Au lieu de commander un logo co\u00fbteux \u00e0 des agences de publicit\u00e9 externes, la Commission europ\u00e9enne a annonc\u00e9 un concours ouvert en 2009. Il s&rsquo;adressait aux \u00e9tudiants en art et en design de toute l&rsquo;Union europ\u00e9enne.<\/p>\n\n\n\n<p class=\"wp-block-paragraph\">La r\u00e9ponse des jeunes cr\u00e9ateurs a \u00e9t\u00e9 massive \u2013 pas moins de 3 422 cr\u00e9ations originales provenant de divers \u00c9tats membres ont \u00e9t\u00e9 soumises \u00e0 la commission. Un jury international, compos\u00e9 d&rsquo;experts agricoles et de designers de renom, a s\u00e9lectionn\u00e9 trois candidats finaux. Cependant, les experts n&rsquo;ont pas eu le dernier mot. La d\u00e9cision finale appartenait aux citoyens de l&rsquo;UE eux-m\u00eames.<\/p>\n\n\n\n<p class=\"wp-block-paragraph\">Lors d&rsquo;un vote en ligne auquel environ 130 000 personnes ont particip\u00e9, le design de Du\u0161an Milenkovi\u0107, un \u00e9tudiant allemand, l&rsquo;a emport\u00e9 de mani\u00e8re incontestable. Son travail a recueilli pas moins de 63 % de tous les votes exprim\u00e9s, gagnant ainsi la grande sympathie des Europ\u00e9ens.<\/p>\n\n\n\n<h4 class=\"wp-block-heading has-green-color has-text-color has-link-color has-small-font-size wp-elements-3\" style=\"padding-top:var(--wp--preset--spacing--40)\"><strong>Que symbolise exactement l&rsquo;Euroleaf ?<\/strong><\/h4>\n\n\n\n<p class=\"wp-block-paragraph\">Le design gagnant s&rsquo;est d\u00e9marqu\u00e9 par son symbolisme brillamment simple, qui combine harmonieusement deux \u00e9l\u00e9ments cl\u00e9s :<\/p>\n\n\n\n<ul class=\"wp-block-list\">\n<li><strong>Nature :<\/strong> La forme d&rsquo;une feuille sur un fond vert clair fait directement r\u00e9f\u00e9rence \u00e0 la nature, au d\u00e9veloppement durable, \u00e0 l&rsquo;\u00e9cologie et aux m\u00e9thodes agricoles naturelles.<\/li>\n\n\n\n<li><strong>Europe :<\/strong> Le contour de la feuille est form\u00e9 par 12 \u00e9toiles blanches, directement tir\u00e9es du drapeau de l&rsquo;Union europ\u00e9enne. Cela symbolise l&rsquo;unit\u00e9, les normes communes de l&rsquo;UE et les normes de qualit\u00e9 rigoureuses qui s&rsquo;appliquent de mani\u00e8re \u00e9gale dans tous les \u00c9tats membres.<\/li>\n<\/ul>\n\n\n\n<p class=\"wp-block-paragraph\">Ce concept minimaliste a parfaitement captur\u00e9 l&rsquo;esprit des r\u00e9glementations de l&rsquo;UE, soulignant que l&rsquo;alimentation biologique certifi\u00e9e est le bien commun de toute l&rsquo;Europe, et que le soin de l&rsquo;environnement ne conna\u00eet pas de fronti\u00e8res nationales.<\/p>\n\n\n\n<h5 class=\"wp-block-heading\"><strong><mark style=\"background-color:rgba(0, 0, 0, 0)\" class=\"has-inline-color has-light-green-color\">R\u00e8gles d&rsquo;\u00e9tiquetage strictes \u2013 \u00e0 quoi d&rsquo;autre devez-vous faire attention ?<\/mark><\/strong><\/h5>\n\n\n\n<p class=\"wp-block-paragraph\">Il est bon de savoir que l&rsquo;Euroleaf est devenu officiellement obligatoire \u00e0 partir du 1er juillet 2010 pour tous les produits biologiques pr\u00e9emball\u00e9s produits sur le territoire des \u00c9tats membres de l&rsquo;UE. Cependant, pour qu&rsquo;un producteur puisse apposer ce symbole prestigieux sur une \u00e9tiquette, il doit se soumettre \u00e0 un processus de certification strict, qui est soumis \u00e0 des inspections annuelles.<\/p>\n\n\n\n<p class=\"wp-block-paragraph\">De plus, le logo lui-m\u00eame n&rsquo;appara\u00eet jamais seul. La l\u00e9gislation europ\u00e9enne exige qu&rsquo;il soit toujours accompagn\u00e9 de deux \u00e9l\u00e9ments d&rsquo;authentification suppl\u00e9mentaires :<\/p>\n\n\n\n<ul class=\"wp-block-list\">\n<li><strong>Code de l&rsquo;organisme de certification :<\/strong> Une cha\u00eene de caract\u00e8res (par ex., PL-EKO-00) qui permet d&rsquo;identifier l&rsquo;institution qui inspecte un producteur donn\u00e9.<\/li>\n\n\n\n<li><strong>Lieu de provenance des mati\u00e8res premi\u00e8res :<\/strong> Une d\u00e9signation telle que \u00ab\u00a0Agriculture UE\u00a0\u00bb ou \u00ab\u00a0Agriculture non UE\u00a0\u00bb, informant exactement le consommateur de l&rsquo;endroit o\u00f9 les cultures utilis\u00e9es pour la production alimentaire ont \u00e9t\u00e9 r\u00e9colt\u00e9es.<\/li>\n<\/ul>\n\n\n\n<p class=\"wp-block-paragraph\">Aujourd&rsquo;hui, ce signe n&rsquo;est pas seulement un graphique attrayant sur l&#8217;emballage. C&rsquo;est une promesse de transparence appuy\u00e9e par la loi, de la plus haute qualit\u00e9 et d&rsquo;un souci sinc\u00e8re pour l&rsquo;avenir de notre plan\u00e8te. En choisissant des produits certifi\u00e9s, vous \u00eates assur\u00e9 de soutenir un syst\u00e8me agricole durable approuv\u00e9 par la voix collective de milliers d&rsquo;Europ\u00e9ens.<\/p>\n\n\n\n<p class=\"wp-block-paragraph\"><a href=\"https:\/\/bioeuropean.eu\/fr\/comment-les-produits-biologiques-sont-ils-etiquetes\/\"><strong>D\u00e9couvrez comment sont \u00e9tiquet\u00e9s les produits biologiques<\/strong><\/a><\/p>\n\n\n\n<p class=\"wp-block-paragraph\"><strong><mark style=\"background-color:rgba(0, 0, 0, 0)\" class=\"has-inline-color has-dark-green-color\">R\u00e9f\u00e9rences:<\/mark><\/strong><\/p>\n\n\n\n<p class=\"wp-block-paragraph\"><strong><a href=\"https:\/\/ec.europa.eu\/commission\/presscorner\/detail\/en\/ip_10_142\">European Commission (2010). Press Release: New EU organic logo to apply from 1 July 2010.<\/a><\/strong><\/p>\n\n\n\n<p class=\"wp-block-paragraph\"><strong><a href=\"https:\/\/agriculture.ec.europa.eu\/farming\/organic-farming\/organic-logo_en\">European Commission, Directorate-General for Agriculture and Rural Development (2010). The new EU organic logo: Background information.<\/a><\/strong><\/p>\n\n\n\n<p class=\"wp-block-paragraph\"><strong><a href=\"https:\/\/eur-lex.europa.eu\/eli\/reg\/2010\/271\/oj\/eng\">Official Journal of the European Union (2010). Commission Regulation (EU) No 271\/2010 of 24 March 2010 amending Regulation (EC) No 889\/2008 laying down detailed rules for the implementation of Council Regulation (EC) No 834\/2007, as regards the organic production logo of the European Union.<\/a><\/strong><\/p>\n\n\n\n<p class=\"wp-block-paragraph\"><\/p>\n\n\n\n<p class=\"wp-block-paragraph\"><\/p>\n","protected":false},"excerpt":{"rendered":"<p>Euroleaf est le symbole caract\u00e9ristique que vous recherchez probablement instinctivement sur les emballages avant d&rsquo;acheter des produits biologiques. Il pr\u00e9sente des \u00e9toiles blanches dispos\u00e9es en forme de feuille sur un fond vert clair. Aujourd&rsquo;hui, le logo de l&rsquo;agriculture biologique de l&rsquo;UE, commun\u00e9ment appel\u00e9 Euroleaf, est l&rsquo;un des signes les plus reconnaissables d&rsquo;aliments biologiques certifi\u00e9s en [&hellip;]<\/p>\n","protected":false},"featured_media":1137,"comment_status":"closed","ping_status":"closed","sticky":false,"template":"","format":"standard","meta":{"footnotes":""},"categories":[19],"tags":[],"class_list":["post-1135","post","type-post","status-publish","format-standard","has-post-thumbnail","hentry","category-how-is-organic-food-made"],"_links":{"self":[{"href":"https:\/\/bioeuropean.eu\/fr\/wp-json\/wp\/v2\/posts\/1135","targetHints":{"allow":["GET"]}}],"collection":[{"href":"https:\/\/bioeuropean.eu\/fr\/wp-json\/wp\/v2\/posts"}],"about":[{"href":"https:\/\/bioeuropean.eu\/fr\/wp-json\/wp\/v2\/types\/post"}],"author":[{"embeddable":true,"href":"https:\/\/bioeuropean.eu\/fr\/wp-json\/wp\/v2\/users\/2"}],"replies":[{"embeddable":true,"href":"https:\/\/bioeuropean.eu\/fr\/wp-json\/wp\/v2\/comments?post=1135"}],"version-history":[{"count":2,"href":"https:\/\/bioeuropean.eu\/fr\/wp-json\/wp\/v2\/posts\/1135\/revisions"}],"predecessor-version":[{"id":1139,"href":"https:\/\/bioeuropean.eu\/fr\/wp-json\/wp\/v2\/posts\/1135\/revisions\/1139"}],"wp:featuredmedia":[{"embeddable":true,"href":"https:\/\/bioeuropean.eu\/fr\/wp-json\/wp\/v2\/media\/1137"}],"wp:attachment":[{"href":"https:\/\/bioeuropean.eu\/fr\/wp-json\/wp\/v2\/media?parent=1135"}],"wp:term":[{"taxonomy":"category","embeddable":true,"href":"https:\/\/bioeuropean.eu\/fr\/wp-json\/wp\/v2\/categories?post=1135"},{"taxonomy":"post_tag","embeddable":true,"href":"https:\/\/bioeuropean.eu\/fr\/wp-json\/wp\/v2\/tags?post=1135"}],"curies":[{"name":"wp","href":"https:\/\/api.w.org\/{rel}","templated":true}]}}