{"id":1195,"date":"2026-08-13T18:57:58","date_gmt":"2026-08-13T17:57:58","guid":{"rendered":"https:\/\/bioeuropean.eu\/?p=1195"},"modified":"2026-08-13T18:58:00","modified_gmt":"2026-08-13T17:58:00","slug":"comment-les-achats-quotidiens-peuvent-ils-sauver-les-abeilles","status":"publish","type":"post","link":"https:\/\/bioeuropean.eu\/fr\/comment-les-achats-quotidiens-peuvent-ils-sauver-les-abeilles\/","title":{"rendered":"Comment les achats quotidiens peuvent-ils sauver les abeilles ?"},"content":{"rendered":"\n<figure class=\"wp-block-image size-full\" style=\"margin-bottom:var(--wp--preset--spacing--50)\"><img loading=\"lazy\" decoding=\"async\" width=\"1920\" height=\"717\" src=\"https:\/\/bioeuropean.eu\/wp-content\/uploads\/2026\/08\/Foto-so-artykulu-1-1.png\" alt=\"Gros plan panoramique d'abeilles domestiques sur un rayon de miel dor\u00e9 avec une reine marqu\u00e9e au centre, illustrant une ruche saine.\" class=\"wp-image-1196\" srcset=\"https:\/\/bioeuropean.eu\/wp-content\/uploads\/2026\/08\/Foto-so-artykulu-1-1.png 1920w, https:\/\/bioeuropean.eu\/wp-content\/uploads\/2026\/08\/Foto-so-artykulu-1-1-300x112.png 300w, https:\/\/bioeuropean.eu\/wp-content\/uploads\/2026\/08\/Foto-so-artykulu-1-1-1024x382.png 1024w, https:\/\/bioeuropean.eu\/wp-content\/uploads\/2026\/08\/Foto-so-artykulu-1-1-768x287.png 768w, https:\/\/bioeuropean.eu\/wp-content\/uploads\/2026\/08\/Foto-so-artykulu-1-1-1536x574.png 1536w\" sizes=\"auto, (max-width: 1920px) 100vw, 1920px\" \/><\/figure>\n\n\n\n<h1 class=\"wp-block-heading\">Imaginez que la plupart des l\u00e9gumes, des fruits et des noix disparaissent soudainement de nos tables. C&rsquo;est un sc\u00e9nario r\u00e9aliste, car selon l&rsquo;Organisation des Nations Unies pour l&rsquo;alimentation et l&rsquo;agriculture (FAO), jusqu&rsquo;\u00e0 75 % des principales cultures mondiales d\u00e9pendent du travail des abeilles et autres insectes pollinisateurs[1]. Malheureusement, les pollinisateurs sont de moins en moins nombreux. L&rsquo;agriculture biologique est la r\u00e9ponse \u00e0 cette crise. Comment le choix de produits portant le logo Euroleaf aide-t-il les abeilles \u00e0 survivre ?<\/h1>\n\n\n\n<h2 class=\"wp-block-heading has-green-color has-text-color has-link-color has-small-font-size wp-elements-1\"><strong><strong>Les abeilles en Europe ont besoin d&rsquo;aide<\/strong><\/strong><\/h2>\n\n\n\n<p class=\"wp-block-paragraph\">Les donn\u00e9es du Parlement europ\u00e9en et de la Liste rouge europ\u00e9enne (UICN) montrent qu&rsquo;il existe plus de 2 000 esp\u00e8ces d&rsquo;abeilles sauvages rien qu&rsquo;en Europe[2]. Malheureusement, leur avenir est incertain. Les principaux coupables sont le changement climatique et l&rsquo;agriculture bas\u00e9e sur de grandes monocultures (d&rsquo;immenses champs sem\u00e9s d&rsquo;une seule plante) et l&rsquo;utilisation intensive de pesticides synth\u00e9tiques. Pour les abeilles, un tel environnement est extr\u00eamement hostile.<\/p>\n\n\n\n<h3 class=\"wp-block-heading has-green-color has-text-color has-link-color has-small-font-size wp-elements-2\"><strong>L&rsquo;Euroleaf, une zone s\u00fbre sans produits chimiques<\/strong><\/h3>\n\n\n\n<p class=\"wp-block-paragraph\">L&rsquo;agriculture biologique certifi\u00e9e change la donne. Les exploitations agricoles qui demandent le certificat europ\u00e9en (<a href=\"https:\/\/bioeuropean.eu\/fr\/euroleaf-dou-vient-il-sur-les-produits-biologiques\/\"><strong>Euroleaf<\/strong><\/a>) doivent r\u00e9pondre \u00e0 des normes strictes. Selon les directives de la Commission europ\u00e9enne, il s&rsquo;agit d&rsquo;un syst\u00e8me qui fonctionne en harmonie avec la nature. Qu&rsquo;est-ce que cela signifie pour les abeilles dans la pratique ? Tout d&rsquo;abord, il y a une interdiction totale d&rsquo;utiliser des engrais synth\u00e9tiques et des produits chimiques de protection des plantes. Au lieu de cela, les agriculteurs utilisent du compost naturel et des m\u00e9thodes de protection biologiques enti\u00e8rement autoris\u00e9es. L&rsquo;\u00e9limination des pesticides fait des cultures biologiques une zone s\u00fbre o\u00f9 les insectes peuvent r\u00e9colter du nectar sans crainte.<\/p>\n\n\n\n<h4 class=\"wp-block-heading has-green-color has-text-color has-link-color has-small-font-size wp-elements-3\" style=\"padding-top:var(--wp--preset--spacing--40)\"><strong>La diversit\u00e9 dans les champs, c&rsquo;est un ventre plein pour l&rsquo;abeille<\/strong><\/h4>\n\n\n\n<p class=\"wp-block-paragraph\">Les champs conventionnels ordinaires sont souvent des \u00ab d\u00e9serts verts \u00bb pour les insectes \u2013 lorsque la plante principale a fini de fleurir, les abeilles n&rsquo;ont tout simplement plus rien \u00e0 manger. Pendant ce temps, l&rsquo;agriculture biologique donne la priorit\u00e9 \u00e0 la biodiversit\u00e9. Les \u00e9tudes d&rsquo;IFOAM Organics Europe prouvent que les cultures certifi\u00e9es soutiennent concr\u00e8tement l&rsquo;\u00e9cosyst\u00e8me. Sur les bords de ces champs, on trouve des talus remplis d&rsquo;herbes et de plantes sauvages. Ils constituent un \u00ab buffet \u00bb riche et diversifi\u00e9 pour les abeilles, essentiel pour nourrir les colonies d&rsquo;abeilles tout au long du printemps et de l&rsquo;\u00e9t\u00e9.<\/p>\n\n\n\n<h5 class=\"wp-block-heading\"><strong><mark style=\"background-color:rgba(0, 0, 0, 0)\" class=\"has-inline-color has-green-color\">Votre choix en rayon a un pouvoir \u00e9norme<\/mark><\/strong><\/h5>\n\n\n\n<p class=\"wp-block-paragraph\">Chaque produit portant le logo de l&rsquo;agriculture biologique de l&rsquo;UE plac\u00e9 dans votre panier est un signal clair pour le march\u00e9 et une impulsion pour les agriculteurs indiquant que nous avons besoin d&rsquo;une alimentation respectueuse de la plan\u00e8te. Selon les hypoth\u00e8ses du Pacte vert pour l&rsquo;Europe \u2013 dans le cadre de la strat\u00e9gie \u00ab De la ferme \u00e0 la table \u00bb \u2013 d&rsquo;ici 2030, jusqu&rsquo;\u00e0 25 % des terres agricoles de l&rsquo;UE devront \u00eatre cultiv\u00e9es de mani\u00e8re biologique[3]. Nos d\u00e9cisions quotidiennes de consommateurs soutiennent directement cet objectif, \u00e9largissant pas \u00e0 pas les territoires s\u00fbrs pour les pollinisateurs.<\/p>\n\n\n\n<h6 class=\"wp-block-heading\"><strong><mark style=\"background-color:rgba(0, 0, 0, 0)\" class=\"has-inline-color has-green-color\">R\u00e9sum\u00e9 : pourquoi vaut-il la peine de rechercher l&rsquo;Euroleaf ?<\/mark><\/strong><\/h6>\n\n\n\n<ul class=\"wp-block-list\">\n<li>La certification (Euroleaf) garantit des cultures exemptes de pesticides de synth\u00e8se, principale cause de mortalit\u00e9 des abeilles.<\/li>\n\n\n\n<li>L&rsquo;abandon des monocultures et le soin apport\u00e9 \u00e0 la biodiversit\u00e9 fournissent de la nourriture aux abeilles tout au long de la saison de croissance.<\/li>\n\n\n\n<li>En prot\u00e9geant les abeilles, nous s\u00e9curisons les r\u00e9coltes et les cultures dont d\u00e9pend la production alimentaire mondiale.<\/li>\n\n\n\n<li>En optant pour des produits biologiques, nous stimulons la croissance des zones de culture respectueuses de l&rsquo;environnement.<\/li>\n<\/ul>\n\n\n\n<p class=\"wp-block-paragraph\"><strong><mark style=\"background-color:rgba(0, 0, 0, 0)\" class=\"has-inline-color has-green-color\">Bibliographie :<\/mark><\/strong><\/p>\n\n\n\n<p class=\"wp-block-paragraph\">[1] <a href=\"https:\/\/www.fao.org\/pollination\/fr\">Organisation des Nations Unies pour l&rsquo;alimentation et l&rsquo;agriculture (FAO), <em>Action mondiale de la FAO pour les services de pollinisation en faveur d&rsquo;une agriculture durable<\/em>, fao.org. <\/a><\/p>\n\n\n\n<p class=\"wp-block-paragraph\">[2] <a href=\"https:\/\/www.europarl.europa.eu\/topics\/fr\/article\/20191213STO69018\/protection-des-pollinisateurs-ce-que-demande-le-parlement-video\">Parlement europ\u00e9en, <em>Protection des insectes pollinisateurs : que demande le Parlement ?<\/em>, europarl.europa.eu \/ UICN, <em>Liste rouge europ\u00e9enne des abeilles<\/em>.<\/a><\/p>\n\n\n\n<p class=\"wp-block-paragraph\">[3] <a href=\"https:\/\/www.consilium.europa.eu\/fr\/policies\/from-farm-to-fork\/\">Commission europ\u00e9enne, <em>Strat\u00e9gie \u00ab De la ferme \u00e0 la table \u00bb pour un syst\u00e8me alimentaire \u00e9quitable, sain et respectueux de l&rsquo;environnement<\/em> (partie int\u00e9grante du Pacte vert pour l&rsquo;Europe), agriculture.ec.europa.eu.<\/a><\/p>\n\n\n\n<p class=\"wp-block-paragraph\"><\/p>\n","protected":false},"excerpt":{"rendered":"<p>Imaginez que la plupart des l\u00e9gumes, des fruits et des noix disparaissent soudainement de nos tables. C&rsquo;est un sc\u00e9nario r\u00e9aliste, car selon l&rsquo;Organisation des Nations Unies pour l&rsquo;alimentation et l&rsquo;agriculture (FAO), jusqu&rsquo;\u00e0 75 % des principales cultures mondiales d\u00e9pendent du travail des abeilles et autres insectes pollinisateurs[1]. Malheureusement, les pollinisateurs sont de moins en moins [&hellip;]<\/p>\n","protected":false},"featured_media":1197,"comment_status":"closed","ping_status":"closed","sticky":false,"template":"","format":"standard","meta":{"footnotes":""},"categories":[22],"tags":[],"class_list":["post-1195","post","type-post","status-publish","format-standard","has-post-thumbnail","hentry","category-why-choose-organic"],"_links":{"self":[{"href":"https:\/\/bioeuropean.eu\/fr\/wp-json\/wp\/v2\/posts\/1195","targetHints":{"allow":["GET"]}}],"collection":[{"href":"https:\/\/bioeuropean.eu\/fr\/wp-json\/wp\/v2\/posts"}],"about":[{"href":"https:\/\/bioeuropean.eu\/fr\/wp-json\/wp\/v2\/types\/post"}],"author":[{"embeddable":true,"href":"https:\/\/bioeuropean.eu\/fr\/wp-json\/wp\/v2\/users\/2"}],"replies":[{"embeddable":true,"href":"https:\/\/bioeuropean.eu\/fr\/wp-json\/wp\/v2\/comments?post=1195"}],"version-history":[{"count":3,"href":"https:\/\/bioeuropean.eu\/fr\/wp-json\/wp\/v2\/posts\/1195\/revisions"}],"predecessor-version":[{"id":1200,"href":"https:\/\/bioeuropean.eu\/fr\/wp-json\/wp\/v2\/posts\/1195\/revisions\/1200"}],"wp:featuredmedia":[{"embeddable":true,"href":"https:\/\/bioeuropean.eu\/fr\/wp-json\/wp\/v2\/media\/1197"}],"wp:attachment":[{"href":"https:\/\/bioeuropean.eu\/fr\/wp-json\/wp\/v2\/media?parent=1195"}],"wp:term":[{"taxonomy":"category","embeddable":true,"href":"https:\/\/bioeuropean.eu\/fr\/wp-json\/wp\/v2\/categories?post=1195"},{"taxonomy":"post_tag","embeddable":true,"href":"https:\/\/bioeuropean.eu\/fr\/wp-json\/wp\/v2\/tags?post=1195"}],"curies":[{"name":"wp","href":"https:\/\/api.w.org\/{rel}","templated":true}]}}